{"id":3975,"date":"2021-09-14T09:13:58","date_gmt":"2021-09-14T07:13:58","guid":{"rendered":"https:\/\/xnet-x.net\/ecosistema-ciutada-drets-digitals\/"},"modified":"2021-09-14T09:13:58","modified_gmt":"2021-09-14T07:13:58","slug":"ecosistema-ciutada-drets-digitals","status":"publish","type":"post","link":"https:\/\/xnet-x.net\/ca\/ecosistema-ciutada-drets-digitals\/","title":{"rendered":"Xnet crea un mapatge de l&#8217;Ecosistema Ciutad\u00e0 de Drets Digitals de Barcelona"},"content":{"rendered":"<p>Xnet i el Grup Ciutad\u00e0 de Pol\u00edtiques Digitals [1] han impulsat amb el Comissionat d'Innovaci\u00f3 Digital de l'Ajuntament de Barcelona, el mapatge d'iniciatives i experi\u00e8ncies que s\u2019estan fent a la ciutat per defensar i preservar els drets digitals de la ciutadania.<\/p>\n<p>El resultat s'ha publicat aqu\u00ed dins el marc de la Coalici\u00f3 de Ciutats pels Drets Digitals \u2014 (<a href=\"https:\/\/citiesfordigitalrights.org\/\" rel=\"noopener noreferrer\" target=\"_blank\">Cities Coalition for Digital Rights<\/a>):<br \/>\n<a href=\"https:\/\/ajuntament.barcelona.cat\/digital\/ca\/iniciatives-ecosistema-ciutada-pels-drets-digitals\" rel=\"noopener noreferrer\" target=\"_blank\">https:\/\/ajuntament.barcelona.cat\/digital\/ca\/iniciatives-ecosistema-ciutada-pels-drets-digitals<\/a><\/p>\n<p>Els treballs o projectes que es donen a con\u00e8ixer giren entorn als \u00e0mbits definits per la Coalici\u00f3 de Ciutats pels Drets Digitals:<br \/>\n1. Acc\u00e9s universal i igualitari a Internet. - Neutralitat de la xarxa.<br \/>\n2. Privacitat digital i protecci\u00f3 de dades.<br \/>\n3. Algoritmes i drets fonamentals.<br \/>\n4. Democr\u00e0cia i governan\u00e7a distribu\u00efda digital.<br \/>\n5. Acc\u00e9s al coneixement i la informaci\u00f3 per protocols digitals oberts.<\/p>\n<p>El proc\u00e9s culminar\u00e0 amb una presentaci\u00f3 p\u00fablica per donar a con\u00e8ixer els projectes a la ciutadania i per crear sinergies entre els diversos grups i actors.<br \/>\n&nbsp;<\/p>\n<div class=\"youtube-container auto-resizable-iframe\" style=\"max-width: 600px;  margin: 0px auto;margin-bottom:20px\">\n<div class=\"youtube-player\" data-id=\"dM1ewcK1hUc\" style=\" position: relative;  padding-bottom: 56%;  height: 0px;\"><\/div>\n<\/div>\n<p>&nbsp;<\/p>\n<div style=\"font-size:100%;margin:6px 0;border: 1px solid #e00f2f;padding: 20px 5% 10px\">\n<strong>Mapatge de l'ecosistema ciutad\u00e0 actiu en la defensa dels drets digitals. En el marc de la Coalici\u00f3 de Ciutats pels Drets Digitals.<\/strong><\/p>\n<p>El Grup Ciutad\u00e0 de Pol\u00edtiques Digitals #GCPD vam n\u00e9ixer fa 1 any perqu\u00e8 es valori l'ecosistema ciutad\u00e0 d'aquest \u00e0mbit.<br \/>\n<a href=\"https:\/\/twitter.com\/X_net_\/status\/1148917280920743936\" rel=\"noopener noreferrer\" target=\"_blank\">https:\/\/twitter.com\/X_net_\/status\/1148917280920743936<\/a><\/p>\n<p>Al 2018 l'Ajuntament de Barcelona va crear - juntament amb Nova York i Amsterdam - l'alian\u00e7a per a la protecci\u00f3 dels drets digitals de les persones a escala municipal global: la Coalici\u00f3 de les Ciutats pels Drets Digitals (<em>Cities Coalition for Digital Rights<\/em>), que es presenta com un espai per proposar accions, lleis, eines i recursos per protegir i promoure els drets digitals a escala municipal i la sobirania digital.<br \/>\n&nbsp;<\/p>\n<p>Les ciutats s\u00f3n els seus habitants.<\/p>\n<p>El Comissionat d'Innovaci\u00f3 Digital de l'Ajuntament de Barcelona ha acollit la proposta del Grup Ciutad\u00e0 de Pol\u00edtiques Digitals de Barcelona, sota la coordinaci\u00f3 d\u2019Xnet (<a href=\"https:\/\/xnet-x.net\/ca\/\" rel=\"noopener noreferrer\" target=\"_blank\">https:\/\/xnet-x.net<\/a>) hist\u00f2rica organitzaci\u00f3 civil activa en aquest \u00e0mbit des de 2008, per fer aflorar l'ecosistema ciutad\u00e0 actiu en la defensa dels drets digitals perqu\u00e8 aquest sigui el motor que marqui l'agenda.<\/p>\n<p>Es va fer una crida per recollir el qu\u00e8 est\u00e0 fent la societat civil de Barcelona en la defensa dels drets digitals:<br \/>\n<a href=\"https:\/\/ajuntament.barcelona.cat\/digital\/ca\/blog\/participa-en-la-recollida-diniciatives-ciutadanes-en-defensa-dels-drets-digitals\" rel=\"noopener noreferrer\" target=\"_blank\">https:\/\/ajuntament.barcelona.cat\/digital\/ca\/blog\/participa-en-la-recollida-diniciatives-ciutadanes-en-defensa-dels-drets-digitals<\/a><\/p>\n<p>El resultat es un repositori de l'Ajuntament de Barcelona sobre qu\u00e8 fan les forces vives de Barcelona en \u00e0mbit de drets digitals per donar-li suport, per una banda, i perqu\u00e8 sigui de refer\u00e8ncia en el treball en xarxa de la <em>Cities Coalition for Digital Rights,<\/em> per l'altra.\n<\/div>\n<p>&nbsp;<\/p>\n<p>[1] <em>El Grup Ciutad\u00e0 de Pol\u00edtiques Digitals \u00e9s un grup format per persones que han estat treballant juntes de forma creuada en aquest \u00e0mbit. Est\u00e0 constitu\u00eft per un grup promotor i un grup de suport (m\u00e9s informacions: <a href=\"https:\/\/xnet-x.net\/ca\/presentacio-propostes-grup-ciutada-politiques-digitals-gcpd\/\" rel=\"noopener noreferrer\" target=\"_blank\">https:\/\/xnet-x.net\/ca\/presentacio-propostes-grup-ciutada-politiques-digitals-gcpd\/<\/a>). <\/em><\/p>\n","protected":false},"excerpt":{"rendered":"<p>.@X_net_, el Grup Ciutad\u00e0 de Pol\u00edtiques Digitals #GCPD i @BCN_digital mapegem les activitats ciutadanes en defensa dels #DretsDigitals #DigitalRights<\/p>\n","protected":false},"author":15,"featured_media":3974,"comment_status":"closed","ping_status":"closed","sticky":false,"template":"","format":"standard","meta":{"_acf_changed":false,"footnotes":""},"categories":[8],"tags":[],"class_list":["post-3975","post","type-post","status-publish","format-standard","has-post-thumbnail","hentry","category-neutralidad-de-la-red"],"acf":[],"_links":{"self":[{"href":"https:\/\/xnet-x.net\/ca\/wp-json\/wp\/v2\/posts\/3975","targetHints":{"allow":["GET"]}}],"collection":[{"href":"https:\/\/xnet-x.net\/ca\/wp-json\/wp\/v2\/posts"}],"about":[{"href":"https:\/\/xnet-x.net\/ca\/wp-json\/wp\/v2\/types\/post"}],"author":[{"embeddable":true,"href":"https:\/\/xnet-x.net\/ca\/wp-json\/wp\/v2\/users\/15"}],"replies":[{"embeddable":true,"href":"https:\/\/xnet-x.net\/ca\/wp-json\/wp\/v2\/comments?post=3975"}],"version-history":[{"count":0,"href":"https:\/\/xnet-x.net\/ca\/wp-json\/wp\/v2\/posts\/3975\/revisions"}],"wp:featuredmedia":[{"embeddable":true,"href":"https:\/\/xnet-x.net\/ca\/wp-json\/wp\/v2\/media\/3974"}],"wp:attachment":[{"href":"https:\/\/xnet-x.net\/ca\/wp-json\/wp\/v2\/media?parent=3975"}],"wp:term":[{"taxonomy":"category","embeddable":true,"href":"https:\/\/xnet-x.net\/ca\/wp-json\/wp\/v2\/categories?post=3975"},{"taxonomy":"post_tag","embeddable":true,"href":"https:\/\/xnet-x.net\/ca\/wp-json\/wp\/v2\/tags?post=3975"}],"curies":[{"name":"wp","href":"https:\/\/api.w.org\/{rel}","templated":true}]}}