{"id":3431,"date":"2017-06-15T16:00:35","date_gmt":"2017-06-15T15:00:35","guid":{"rendered":"https:\/\/xnet-x.net\/consideracions-d-xnet-respecte-al-pacte-nacional-per-a-la-societat-digital\/"},"modified":"2017-06-15T16:00:35","modified_gmt":"2017-06-15T15:00:35","slug":"consideracions-d-xnet-respecte-al-pacte-nacional-per-a-la-societat-digital","status":"publish","type":"post","link":"https:\/\/xnet-x.net\/ca\/consideracions-d-xnet-respecte-al-pacte-nacional-per-a-la-societat-digital\/","title":{"rendered":"Consideracions d&#8217;Xnet respecte al Pacte Nacional per a la Societat Digital"},"content":{"rendered":"<p>Molt abans que es parl\u00e9s de nova pol\u00edtica, la CUP ha estat exemple de com estar a les institucions per posar-se al servei de la societat civil organitzada.<\/p>\n<p>Exemple d'aix\u00f2 \u00e9s que fa uns dies va demanar a Xnet, com a experts en el tema, assistir en lloc ceu a la reuni\u00f3 en seu parlament\u00e0ria del Pacte Nacional per a la Societat Digital del Govern de la Generalitat.<\/p>\n<p>Hi va assistir Simona Levi.<\/p>\n<p>Aqu\u00ed fem p\u00fabliques breument les nostres consideracions respecte al que hem vist perqu\u00e8 siguin \u00fatils entre altres coses per a la Jornada de Participaci\u00f3 Oberta del Pacte Nacional per a la Societat Digital que tindr\u00e0 lloc dem\u00e0 dia 16 de juny.<\/p>\n<p>El Pacte es configura en 5 eixos:<\/p>\n<p>- Infraestructures<br \/>\n- Ciberseguretat<br \/>\n- Ciutadania Digital<br \/>\n- Administraci\u00f3 Digital<br \/>\n- Economia Digital<\/p>\n<p>Ens sembla que, respecte a administraci\u00f3 i ciutadania digitals, s'est\u00e0 duent a terme un plantejament seri\u00f3s i pragm\u00e0tic, que vol resoldre problemes concrets i documentats, m\u00e9s enll\u00e0 de complir solucions f\u00e0cils per a cobrir expedients \"resultons\". Aquest \u00e9s un risc en temes de moda com la participaci\u00f3 ciutadana i les eines per a la transpar\u00e8ncia institucional i considerem que el disseny proposat \u00e9s rigorosos - encara que sempre millorable - tant pel que fa a usabilitat i accessibilitat, com pel que fa a primar la qualitat enfront de la quantitat, un rigor molt m\u00e9s gran, per exemple, que els projectes que coneixem en l'\u00e0mbit de l'Estat.<\/p>\n<p>Sobre l'economia digital tamb\u00e9 ens hem endut una grata sorpresa, ja que el tema de copyright\/copyleft i del programari lliure es tracta de forma pragm\u00e0tica, cas per cas, i no fan\u00e0tica i aix\u00f2 \u00e9s una cosa que rares vegades hem vist en aquest tipus de disseny institucional.<\/p>\n<p>Considerem que el plantejament \u00e9s encoratjador per tractar el tema de la innovaci\u00f3 amb visi\u00f3 de futur i pot arribar a ser un exemple per a altres parts d'Europa. Naturalment cal un accent clar sobre el programari lliure, per\u00f2 sembla haver-hi espai perqu\u00e8 es pugui defensar i consolidar.<\/p>\n<p>Pel que fa al tema de les infraestructures i considerant el fort pes de les compet\u00e8ncies estatals, hem detectat una bona cura i foment de les empreses locals i de proximitat (incloent-hi la xarxa <a href=\"http:\/\/guifi.net\/\" target=\"_blank\" rel=\"noopener noreferrer\">Guifi<\/a>) i la promesa que l'obligaci\u00f3 d'incloure la infraestructura digital a tota obra p\u00fablica s'estengui de seguida tamb\u00e9 a diputacions i municipis.<\/p>\n<p>Tot i aix\u00ed, hem trobat a faltar de manera alarmant i demanat una molt m\u00e9s clara obligaci\u00f3 de retorn social per part de grans empreses per l'\u00fas d'aquestes infraestructures.<\/p>\n<p>Per altra banda, no hi havia cap menci\u00f3 a la vigil\u00e0ncia sobre la neutralitat de la xarxa, i hem demanat que s'afegeixi de forma clara i priorit\u00e0ria. \u00c9s una compet\u00e8ncia estatal, per\u00f2 el treball per garantir-la ha de i pot ser capil\u00b7lar, tasca que la Generalitat hauria d'assumir com a priorit\u00e0ria i esdevenir un model de bones pr\u00e0ctiques.<\/p>\n<h3>La baula feble - Ciberseguretat<\/h3>\n<p>La nostra principal preocupaci\u00f3 pel que hem escoltat al Parlament per part del grup expert responsable del Pacte \u00e9s sobre l'enfocament sobre la ciberseguretat.<\/p>\n<p>Mentre que, pel que fa a la ciberseguretat institucional, el discurs \u00e9s sensat - entre altres coses reflecteix amb realisme una manca de teixit empresarial i compet\u00e8ncies institucionals -, veiem amb preocupaci\u00f3 la perspectiva general sobre aquest tema. Es parla d'una \"cultura de la ciberseguretat\" que produeix la mem\u00e8tica que el ciberespai \u00e9s perill\u00f3s i nom\u00e9s les institucions et poden protegir. Aquest tipus de discurs es repeteix en la hist\u00f2ria per impedir l'acc\u00e9s a la tecnologia per part de la poblaci\u00f3 i per mantenir el control sobre ella per part dels poders f\u00e0ctics.<\/p>\n<p>Nosaltres rebutgem com globalment perillosa i lesiva per als drets i llibertats b\u00e0siques una actitud paternalista per part de les institucions pel que fa a la protecci\u00f3 de les comunicacions dels privats.<\/p>\n<p>La inviolabilitat de les comunicacions privades \u00e9s un concepte normalitzat des del segle XVIII. L'\u00e0mbit digital no pot ser un espai ali\u00e8 a aquest dret i nom\u00e9s tutelat i supervisat per institucions que a m\u00e9s no tenen les compet\u00e8ncies suficients per garantir-ho.<\/p>\n<p>La protecci\u00f3 de la privacitat i de la inviolabilitat de les comunicacions ha d'estar en tot moment tamb\u00e9 en m\u00e0 de les persones. Aix\u00ed, com la carta al sobre de correus no la fica un oficial o un supervisor, l'encriptaci\u00f3 i protecci\u00f3 de les nostres comunicacions digitals ha de ser defensada com a dret b\u00e0sic fonamental, i ha de ser facilitada per les institucions que a m\u00e9s t\u00e9 molt a aprendre de la societat civil que \u00e9s qui ha creat les eines m\u00e9s avan\u00e7ades en aquest sentit.<\/p>\n<p>La protecci\u00f3 de les comunicacions no \u00e9s contra l'enemic extern - que tamb\u00e9 -, ni contra la mateixa tecnologia; \u00e9s part dels drets de les persones en un context d'\u00fas saludable i normal dels espais de comunicaci\u00f3.<\/p>\n","protected":false},"excerpt":{"rendered":"<p>Molt abans que es parl\u00e9s de nova pol\u00edtica, la CUP  [&#8230;]<\/p>\n","protected":false},"author":8,"featured_media":3430,"comment_status":"closed","ping_status":"closed","sticky":false,"template":"","format":"standard","meta":{"_acf_changed":false,"footnotes":""},"categories":[1],"tags":[],"class_list":["post-3431","post","type-post","status-publish","format-standard","has-post-thumbnail","hentry","category-sin-categoria"],"acf":[],"_links":{"self":[{"href":"https:\/\/xnet-x.net\/ca\/wp-json\/wp\/v2\/posts\/3431","targetHints":{"allow":["GET"]}}],"collection":[{"href":"https:\/\/xnet-x.net\/ca\/wp-json\/wp\/v2\/posts"}],"about":[{"href":"https:\/\/xnet-x.net\/ca\/wp-json\/wp\/v2\/types\/post"}],"author":[{"embeddable":true,"href":"https:\/\/xnet-x.net\/ca\/wp-json\/wp\/v2\/users\/8"}],"replies":[{"embeddable":true,"href":"https:\/\/xnet-x.net\/ca\/wp-json\/wp\/v2\/comments?post=3431"}],"version-history":[{"count":0,"href":"https:\/\/xnet-x.net\/ca\/wp-json\/wp\/v2\/posts\/3431\/revisions"}],"wp:featuredmedia":[{"embeddable":true,"href":"https:\/\/xnet-x.net\/ca\/wp-json\/wp\/v2\/media\/3430"}],"wp:attachment":[{"href":"https:\/\/xnet-x.net\/ca\/wp-json\/wp\/v2\/media?parent=3431"}],"wp:term":[{"taxonomy":"category","embeddable":true,"href":"https:\/\/xnet-x.net\/ca\/wp-json\/wp\/v2\/categories?post=3431"},{"taxonomy":"post_tag","embeddable":true,"href":"https:\/\/xnet-x.net\/ca\/wp-json\/wp\/v2\/tags?post=3431"}],"curies":[{"name":"wp","href":"https:\/\/api.w.org\/{rel}","templated":true}]}}