{"id":2945,"date":"2014-07-04T11:29:40","date_gmt":"2014-07-04T10:29:40","guid":{"rendered":"https:\/\/xnet-x.net\/democracia-en-xarxa-metode-id-politic\/"},"modified":"2014-07-04T11:29:40","modified_gmt":"2014-07-04T10:29:40","slug":"democracia-en-xarxa-metode-id-politic","status":"publish","type":"post","link":"https:\/\/xnet-x.net\/ca\/democracia-en-xarxa-metode-id-politic\/","title":{"rendered":"Democr\u00e0cia en Xarxa. M\u00e8tode, i+d pol\u00edtic"},"content":{"rendered":"<p>Internet \u00e9s una eina de democratitzaci\u00f3 incre\u00efble. Portem diversos anys treballant entorn de les eines, metodologies i problem\u00e0tiques de la <strong>democr\u00e0cia en xarxa i all\u00f2 que Internet ens ensenya sobre les noves formes d'autoorganitzaci\u00f3 pol\u00edtica, basades en el pragmatisme<\/strong>, per defensar la just\u00edcia i desenvolupar la democr\u00e0cia al m\u00f3n anal\u00f2gic de forma efica\u00e7.<\/p>\n<p>Els grans consensos socials han canviat, els discursos pol\u00edtics han canviat, fins i tot les cares estan canviant; per\u00f2 considerem que no es tracta de cambiar les promeses, ni de predicar la falsa participaci\u00f3 ocupacional. Cal treballar sobre les cosas concretes i en el \"com\" crear els mecanismes de control i participaci\u00f3 ciutadana real necessaris per a un democr\u00e0cia del S.XIX, efica\u00e7os i desde la responsabilitat, que es tradueixi en millores al benestar com\u00fa.<\/p>\n<p>Hem treballat sobre el gresol de <strong>les experi\u00e8ncies i prototips m\u00e9s avan\u00e7ades del m\u00f3n en l'\u00fas de la xarxa per assentar els pilars de la democr\u00e0cia en l'era digital<\/strong>: transpar\u00e8ncia en la gesti\u00f3 p\u00fablica, periodisme, llibertat d'Informaci\u00f3, prototips de governan\u00e7a col\u00b7laborativa i democr\u00e0cia radical en xarxa per a un control m\u00e9s col\u00b7laboratiu i obert de la ciutadania sobre els governs, que obri la societat a una participaci\u00f3 m\u00e9s directa i efectiva de la societat civil i doni com resultat una governan\u00e7a m\u00e9s efica\u00e7.<br \/>\n&nbsp;<br \/>\nSi vols saber m\u00e9s sobre la nostra feina en aquest temes ves a:<br \/>\n<a title=\"ir a la web de FCForum 2012\" href=\"https:\/\/2012.fcforum.net\/ca\/\" target=\"_blank\">FCForum 2012<\/a><br \/>\n<a title=\"ir a la web de FCForum 2013\" href=\"https:\/\/2013.fcforum.net\/ca\/\" target=\"_blank\">FCForum 2013<\/a><br \/>\n&nbsp;<br \/>\nEl nostre treball a servit d'inspiraci\u00f3 per a inicar el <a title=\"ir a la web del Partido X\" href=\"https:\/\/partidox.org\/democracia-y-punto\/\" target=\"_blank\">Partido X<\/a><br \/>\n&nbsp;<br \/>\nLes nostres hip\u00f2tesis es refelexen als textos:<br \/>\n<a href=\"http:\/\/conservas.tk\/notas-para-revolucion\/\" title=\"ir a la web de Conservas\" target=\"_blank\">Notas de trabajo para una r-evoluci\u00f3n<\/a>, <a href=\"http:\/\/conservas.tk\/tacticas\/\" title=\"ir a la web de Conservas\" target=\"_blank\">Notas para una r-evoluci\u00f3n 2 (versi\u00f3n 2.0): Segunda fase: vicios vs nuevas t\u00e1cticas<\/a> y <a href=\"https:\/\/informatbcn.wordpress.com\/2013\/05\/17\/el-camino-al-mundoreal\/\" title=\"ir a Informa't! BCN\" target=\"_blank\">El camino al MundoReal(TM)<\/a> que han estat recollits com a base per al <a href=\"https:\/\/partidox.org\/metodo\/\" title=\"M\u00e8tode del Partit X\" target=\"_blank\">M\u00e8tode del Partit X<\/a>.<\/p>\n<div style=\"text-align:center;margin-top:20px\"><a href=\"\/img\/democracia-en-red-metodo-id-politico-img.jpg\"><img decoding=\"async\" src=\"\/img\/democracia-en-red-metodo-id-politico-img-480x240.jpg\" alt=\"Democr\u00e0cia en xarxa, nous prototips d'autoorganitzaci\u00f3 ciutadana basats en el pragmatisme. M\u00e8tode R + D pol\u00edtic per aconseguir una democr\u00e0cia del segle XXI.\" style=\"max-width:480px; width:100%\"\/><\/a><br \/><em>Democr\u00e0cia en xarxa, nous prototips d'autoorganitzaci\u00f3 ciutadana basats en el pragmatisme.<br \/>M\u00e8tode R + D pol\u00edtic per aconseguir una democr\u00e0cia del segle XXI.<\/em><\/div>\n<p><a id=\"transparency\">&nbsp;<\/a><br \/>\n&nbsp;<\/p>\n<h3 style=\"color:white\"><a href=\"#transparency\">#<\/a>&nbsp;Transpar\u00e8ncia<\/h3>\n<div style=\"text-indent:0;\"><a href=\"https:\/\/xnet-x.net\/img\/transparencia-twitter.png\"><img class=\"jsonly\" data-src=\"\/img\/transparencia-twitter.png\" alt=\"transparencia\" width=\"100%\" \/><noscript><img decoding=\"async\" src=\"\/img\/transparencia-twitter.png\" alt=\"transparencia\" width=\"100%\" \/><\/noscript><\/a><\/p>\n<div style=\"font-size:90%; text-align:right; font-style:italic\">Principals nodes i interaccions a les xarxes durant les campanyes <strong>\"#SpanishTransparencyFail\"<\/strong> & <strong>\"#TransparenciaRealYA\"<\/strong> en 2012<\/div>\n<\/div>\n<p>&nbsp;<\/p>\n<div style=\"background:#d5045c;font-weight:bold;padding:10px 15px; text-align:center; text-indent:0 !important;margin-top:15px;font-size:90%\">Pres\u00e8ncia i influ\u00e8ncia a les xarxes durant les campanyes <strong>\"#SpanishTransparencyFail\"<\/strong> & <strong>\"#TransparenciaRealYA\"<\/strong> en 2012<\/div>\n<table class=\"default-lines press-table\" style=\"color:white!important;font-size: 70%;float:left; width:40%; margin:0 5%;min-width:200px;\">\n<thead>\n<tr style=\"background:#d5045c\">\n<th><\/th>\n<th style=\"color:white\">Impulsors<\/th>\n<th><\/th>\n<\/tr>\n<\/thead>\n<tbody>\n<tr>\n<td>1<\/td>\n<td>@bufetalmeida<\/td>\n<td>549<\/td>\n<\/tr>\n<tr>\n<td>2<\/td>\n<td>@democraciareal<\/td>\n<td>538<\/td>\n<\/tr>\n<tr>\n<td>3<\/td>\n<td>@x_net_<\/td>\n<td>267<\/td>\n<\/tr>\n<tr>\n<td>4<\/td>\n<td>@15mparato<\/td>\n<td>201<\/td>\n<\/tr>\n<tr>\n<td>5<\/td>\n<td>@patrihorrillo<\/td>\n<td>155<\/td>\n<\/tr>\n<tr>\n<td>6<\/td>\n<td>@sunotissima<\/td>\n<td>116<\/td>\n<\/tr>\n<tr>\n<td>7<\/td>\n<td>@atlante83<\/td>\n<td>114<\/td>\n<\/tr>\n<tr>\n<td>8<\/td>\n<td>@madrilonia<\/td>\n<td>71<\/td>\n<\/tr>\n<tr>\n<td>9<\/td>\n<td>@matttneuf<\/td>\n<td>61<\/td>\n<\/tr>\n<tr>\n<td>10<\/td>\n<td>@subirats9<\/td>\n<td>61<\/td>\n<\/tr>\n<tr>\n<td>11<\/td>\n<td>@quodlibetat<\/td>\n<td>56<\/td>\n<\/tr>\n<tr>\n<td>12<\/td>\n<td>@meiwd<\/td>\n<td>56<\/td>\n<\/tr>\n<tr>\n<td>13<\/td>\n<td>@ujce<\/td>\n<td>56<\/td>\n<\/tr>\n<tr>\n<td>14<\/td>\n<td>@auditciudadana<\/td>\n<td>45<\/td>\n<\/tr>\n<tr>\n<td>15<\/td>\n<td>@dry_mallorca<\/td>\n<td>44<\/td>\n<\/tr>\n<tr>\n<td>16<\/td>\n<td>@tuderechoasaber<\/td>\n<td>42<\/td>\n<\/tr>\n<tr>\n<td>17<\/td>\n<td>@torbe_<\/td>\n<td>41<\/td>\n<\/tr>\n<tr>\n<td>18<\/td>\n<td>@facemar<\/td>\n<td>40<\/td>\n<\/tr>\n<tr>\n<td>19<\/td>\n<td>@toret<\/td>\n<td>38<\/td>\n<\/tr>\n<tr>\n<td>20<\/td>\n<td>@15mbruselas<\/td>\n<td>36<\/td>\n<\/tr>\n<\/tbody>\n<\/table>\n<table class=\"default-lines press-table\" style=\"color:white!important;font-size: 70%;float:left; width:40%; margin:0 5%;min-width:200px;\">\n<thead>\n<tr style=\"background:#d5045c\">\n<th><\/th>\n<th style=\"color:white\">Referents<\/th>\n<th><\/th>\n<\/tr>\n<\/thead>\n<tbody>\n<tr>\n<td>1<\/td>\n<td>@democraciareal<\/td>\n<td>0,020971302<\/td>\n<\/tr>\n<tr>\n<td>2<\/td>\n<td>@bufetalmeida<\/td>\n<td>0,01986755<\/td>\n<\/tr>\n<tr>\n<td>3<\/td>\n<td>@x_net_<\/td>\n<td>0,01655629<\/td>\n<\/tr>\n<tr>\n<td>4<\/td>\n<td>@nacionred<\/td>\n<td>0,01655629<\/td>\n<\/tr>\n<tr>\n<td>5<\/td>\n<td>@upyd<\/td>\n<td>0,013245033<\/td>\n<\/tr>\n<tr>\n<td>6<\/td>\n<td>@eldiarioes<\/td>\n<td>0,008830022<\/td>\n<\/tr>\n<tr>\n<td>7<\/td>\n<td>@patrihorrillo<\/td>\n<td>0,008830022<\/td>\n<\/tr>\n<tr>\n<td>8<\/td>\n<td>@avaaz<\/td>\n<td>0,0077262693<\/td>\n<\/tr>\n<tr>\n<td>9<\/td>\n<td>@axebra<\/td>\n<td>0,0077262693<\/td>\n<\/tr>\n<tr>\n<td>10<\/td>\n<td>@marianorajoy<\/td>\n<td>0,0077262693<\/td>\n<\/tr>\n<tr>\n<td>11<\/td>\n<td>@access_info<\/td>\n<td>0,0077262693<\/td>\n<\/tr>\n<tr>\n<td>12<\/td>\n<td>@subirats9<\/td>\n<td>0,0077262693<\/td>\n<\/tr>\n<tr>\n<td>13<\/td>\n<td>@spiegelonline<\/td>\n<td>0,0066225166<\/td>\n<\/tr>\n<tr>\n<td>14<\/td>\n<td>@energiareal<\/td>\n<td>0,0066225166<\/td>\n<\/tr>\n<tr>\n<td>15<\/td>\n<td>@barcelonarealya<\/td>\n<td>0,0066225166<\/td>\n<\/tr>\n<tr>\n<td>16<\/td>\n<td>@jdelacueva<\/td>\n<td>0,0066225166<\/td>\n<\/tr>\n<tr>\n<td>17<\/td>\n<td>@dcabo<\/td>\n<td>0,005518764<\/td>\n<\/tr>\n<tr>\n<td>18<\/td>\n<td>@manjenet<\/td>\n<td>0,005518764<\/td>\n<\/tr>\n<tr>\n<td>19<\/td>\n<td>@portdebarcelona<\/td>\n<td>0,005518764<\/td>\n<\/tr>\n<tr>\n<td>20<\/td>\n<td>@madrilonia<\/td>\n<td>0,005518764<\/td>\n<\/tr>\n<\/tbody>\n<\/table>\n<p><a id=\"noalttip\">&nbsp;<\/a><br \/>\n&nbsp;<\/p>\n<h3 style=\"color:white\"><a href=\"#noalttip\">#<\/a>&nbsp;NOalTTIP<\/h3>\n<p>Xnet impulsa i posa a disposici\u00f3 del com\u00fa el compte NOalTTIP a twitter per coordinar els dies d'acci\u00f3 contra el TTIP i accions de la campanya a les xarxes.<\/p>\n<div style=\"text-indent:0;\"><a href=\"https:\/\/xnet-x.net\/img\/NOalTTIP-twitter.png\"><img class=\"jsonly\" data-src=\"\/img\/NOalTTIP-twitter.png\" alt=\"#NOalTTIP\" width=\"100%\" \/><noscript><img decoding=\"async\" src=\"\/img\/NOalTTIP-twitter.png\" alt=\"#NOalTTIP\" width=\"100%\" \/><\/noscript><\/a><\/p>\n<div style=\"font-size:90%; text-align:right; font-style:italic\">Principals nodes i interaccions a les xarxes sobre el tema <strong>\"#NOalTTIP\"<\/strong> en 2014 i 2015<\/div>\n<\/div>\n<p>&nbsp;<\/p>\n<div style=\"background:#d5045c;max-width:370px;font-weight:bold;padding:10px 15px; text-align:center; text-indent:0 !important;margin-top:15px;font-size:90%\">Pres\u00e8ncia i influ\u00e8ncia a les xarxes sobre el tema <strong>\"#NOalTTIP\"<\/strong> en 2014 i 2015<\/div>\n<table class=\"default-lines press-table\" style=\"color:white!important;font-size: 70%;max-width:400px\">\n<thead>\n<tr style=\"background:#d5045c\">\n<th><\/th>\n<th style=\"color:white\">Impulsors<\/th>\n<th><\/th>\n<\/tr>\n<\/thead>\n<tbody>\n<tr>\n<td>1<\/td>\n<td>@democraciareal<\/td>\n<td>6378<\/td>\n<\/tr>\n<tr>\n<td>2<\/td>\n<td>@attacespana<\/td>\n<td>6157<\/td>\n<\/tr>\n<tr>\n<td>3<\/td>\n<td>@noalttip<\/td>\n<td>5156<\/td>\n<\/tr>\n<tr>\n<td>4<\/td>\n<td>@tomkucharz<\/td>\n<td>3169<\/td>\n<\/tr>\n<tr>\n<td>5<\/td>\n<td>@amigostierraesp<\/td>\n<td>3049<\/td>\n<\/tr>\n<tr>\n<td>6<\/td>\n<td>@ecologistas<\/td>\n<td>3034<\/td>\n<\/tr>\n<tr>\n<td>7<\/td>\n<td>@ahorapodemos<\/td>\n<td>2017<\/td>\n<\/tr>\n<tr>\n<td>8<\/td>\n<td>@cupnacional<\/td>\n<td>1970<\/td>\n<\/tr>\n<tr>\n<td>9<\/td>\n<td>@catnoalttip<\/td>\n<td>1555<\/td>\n<\/tr>\n<tr>\n<td>10<\/td>\n<td>@socialcumbres<\/td>\n<td>1541<\/td>\n<\/tr>\n<tr>\n<td>11<\/td>\n<td>@equo<\/td>\n<td>1268<\/td>\n<\/tr>\n<tr>\n<td>12<\/td>\n<td>@teresarodr_<\/td>\n<td>1207<\/td>\n<\/tr>\n<tr>\n<td>13<\/td>\n<td>@nefeerr<\/td>\n<td>1137<\/td>\n<\/tr>\n<tr>\n<td>14<\/td>\n<td>@attacelx<\/td>\n<td>1041<\/td>\n<\/tr>\n<tr>\n<td>15<\/td>\n<td>@attacmadrid<\/td>\n<td>1034<\/td>\n<\/tr>\n<tr>\n<td>16<\/td>\n<td>@x_net_<\/td>\n<td>932<\/td>\n<\/tr>\n<tr>\n<td>17<\/td>\n<td>@auditciudadana<\/td>\n<td>918<\/td>\n<\/tr>\n<tr>\n<td>18<\/td>\n<td>@mareasciudadana<\/td>\n<td>858<\/td>\n<\/tr>\n<tr>\n<td>19<\/td>\n<td>@partido_x<\/td>\n<td>847<\/td>\n<\/tr>\n<tr>\n<td>20<\/td>\n<td>@zurine3<\/td>\n<td>837<\/td>\n<\/tr>\n<\/tbody>\n<\/table>\n","protected":false},"excerpt":{"rendered":"<p>Democr\u00e0cia en xarxa, autoorganitzaci\u00f3 ciutadana de c\u00f2di obert basada en el pragmatisme. M\u00e8tode I+D pol\u00edtic.<\/p>\n","protected":false},"author":5,"featured_media":0,"comment_status":"closed","ping_status":"closed","sticky":false,"template":"","format":"standard","meta":{"_acf_changed":false,"footnotes":""},"categories":[1],"tags":[],"class_list":["post-2945","post","type-post","status-publish","format-standard","hentry","category-sin-categoria"],"acf":[],"_links":{"self":[{"href":"https:\/\/xnet-x.net\/ca\/wp-json\/wp\/v2\/posts\/2945","targetHints":{"allow":["GET"]}}],"collection":[{"href":"https:\/\/xnet-x.net\/ca\/wp-json\/wp\/v2\/posts"}],"about":[{"href":"https:\/\/xnet-x.net\/ca\/wp-json\/wp\/v2\/types\/post"}],"author":[{"embeddable":true,"href":"https:\/\/xnet-x.net\/ca\/wp-json\/wp\/v2\/users\/5"}],"replies":[{"embeddable":true,"href":"https:\/\/xnet-x.net\/ca\/wp-json\/wp\/v2\/comments?post=2945"}],"version-history":[{"count":0,"href":"https:\/\/xnet-x.net\/ca\/wp-json\/wp\/v2\/posts\/2945\/revisions"}],"wp:attachment":[{"href":"https:\/\/xnet-x.net\/ca\/wp-json\/wp\/v2\/media?parent=2945"}],"wp:term":[{"taxonomy":"category","embeddable":true,"href":"https:\/\/xnet-x.net\/ca\/wp-json\/wp\/v2\/categories?post=2945"},{"taxonomy":"post_tag","embeddable":true,"href":"https:\/\/xnet-x.net\/ca\/wp-json\/wp\/v2\/tags?post=2945"}],"curies":[{"name":"wp","href":"https:\/\/api.w.org\/{rel}","templated":true}]}}