{"id":2934,"date":"2014-07-03T19:42:48","date_gmt":"2014-07-03T18:42:48","guid":{"rendered":"https:\/\/xnet-x.net\/entrenament-en-accio-online\/"},"modified":"2014-07-03T19:42:48","modified_gmt":"2014-07-03T18:42:48","slug":"entrenament-en-accio-online","status":"publish","type":"post","link":"https:\/\/xnet-x.net\/ca\/entrenament-en-accio-online\/","title":{"rendered":"Entrenament en acci\u00f3 online"},"content":{"rendered":"<p>Cursos <strong>Radical Community Manager<\/strong>: Desde fa molts anys estem impartint cursos intensius de formaci\u00f3n en eines i estrat\u00e9gies digitals i xarxes socials. Com endinsarse a Internet com a camp de batalla i com aprendre a moure'ns amb habilitat per organitzar i amplificar les nostras accions aprofitant les sinergies de la societat en xarxa.<br \/>\n&nbsp;<\/p>\n<h3 style=\"font-weight:bold; color: #D5045C\">Programa<\/h3>\n<p>&nbsp;<br \/>\n<strong>Introducci\u00f3 a les eines de trebal a Internet<\/strong><\/p>\n<p>- Netiqueta<\/p>\n<p>- Llistes de correu<\/p>\n<p>- Pads<\/p>\n<p>- Altres eines<\/p>\n<p>&nbsp;<br \/>\n<strong>Com es prepara un llan\u00e7ament<\/strong><\/p>\n<p>- Mem\u00e8tica<\/p>\n<p>- El cicle de la viralitat<\/p>\n<p>- Prensa i com trencar l'endog\u00e0mia<\/p>\n<p>&nbsp;<br \/>\n<strong>Suport de la comunitad en campanya<\/strong><\/p>\n<p>- Blogs i SEO \/\/ Betatesters del blog<\/p>\n<p>- Com liarla parda a Twiter<\/p>\n<p>- La filosofia perversa de Facebook i com hackejarla<\/p>\n<p>- Alertes whatsapp \/ telegram<\/p>\n<p>&nbsp;<br \/>\n<strong>M\u00e9s eines de treball i difusi\u00f3 a internet<\/strong><\/p>\n<p>- Youtube y streaming<\/p>\n<p>- Llicencies<\/p>\n<p>- Comunicaci\u00f3 segura<\/p>\n<p>&nbsp;<br \/>\n<strong>Eines de participaci\u00f3<\/strong><\/p>\n<p>- Validaci\u00f3 de continguts<\/p>\n<p>- Creaci\u00f3 de programes<\/p>\n<p>- Esmena i prioritzaci\u00f3 de continguts<\/p>\n<p>- Altres eines de participaci\u00f3<\/p>\n<p>- Creaci\u00f3 de llistes<\/p>\n<p>&nbsp;<br \/>\n<strong>Altres eines segons les necessitats de cada grup<\/strong><\/p>\n<h2 style=\"font-weight: bold; color: white !important;\">Materials jornades Radical Community Manager<\/h2>\n<p>&nbsp;<br \/>\n<em>(Aquest material correspon al primer radical que es va fer el mar\u00e7 de 2012. A les succesives sesions de radical, naturalment acutalitzem eines i continguts. Els v\u00eddeos son en castell\u00e0.)<\/em><\/p>\n<div>- <strong>Introducci\u00f3 a les eines de traball a Internet<\/strong>.<\/div>\n<div>Idees, eines i consells b\u00e1sics per organitzar-se en xarxa. WordPress i altres blogs, n-1, netiqueta, llistes, pads, mumble. Algunes nocions sobre la neutralitad de la xarxa i las llicencias lliures. Per X.net<\/div>\n<div>Para seguir la sessi\u00f3, us recomenem els seg\u00fcents v\u00eddeos<\/div>\n<div style=\"text-align: center;\">\n<div style=\"display: inline-block;\"><iframe src=\"https:\/\/www.youtube.com\/embed\/M_TSnmGqpik\" height=\"150\" width=\"200\" frameborder=\"0\"><\/iframe><\/div>\n<div style=\"display: inline-block;\"><iframe src=\"https:\/\/www.youtube.com\/embed\/CGIMOMEM9AM\" height=\"150\" width=\"200\" frameborder=\"0\"><\/iframe><\/div>\n<div style=\"clear: both;\"><\/div>\n<div style=\"display: inline-block;\"><iframe src=\"https:\/\/www.youtube.com\/embed\/05nlQJbEWkE\" height=\"150\" width=\"200\" frameborder=\"0\"><\/iframe><\/div>\n<div style=\"display: inline-block;\"><iframe src=\"https:\/\/www.youtube.com\/embed\/Eavx34xJOxU\" height=\"150\" width=\"200\" frameborder=\"0\"><\/iframe><\/div>\n<div>Enlaces de inter\u00e9s:<\/div>\n<\/div>\n<div><a href=\"http:\/\/es.creativecommons.org\/licencia\/\">creativecommons<\/a><\/div>\n<div>Qu\u00e9 es la <a href=\"https:\/\/www.youtube.com\/watch?v=GMD_T7ICL0o\">neutralitad de la xarxa<\/a> (v\u00eddeo) i una <a href=\"http:\/\/mangasverdes.es\/2010\/09\/06\/neutralidad-2-0\/\">definici\u00f3<\/a><\/div>\n<div>les<a href=\"http:\/\/www.gnu.org\/philosophy\/free-sw.es.html\"> quatre llibertats del software lliure<\/a><\/div>\n<div><a href=\"http:\/\/alt1040.com\/2012\/01\/cory-doctorow-en-el-chaos-communication-congress-de-berlin\">The coming war on computation<\/a><\/div>\n<div>Herramientas:<\/div>\n<div><a href=\"http:\/\/www.xml-sitemaps.com\/\">sitemaps<\/a><\/div>\n<div><a href=\"http:\/\/www.mumble.com\/\" target=\"_blank\">mumble<\/a><\/div>\n<div><a href=\"https:\/\/n-1.cc\/\" target=\"_blank\">n-1<\/a><\/div>\n<div><a href=\"https:\/\/www.google.es\/url?sa=t&amp;rct=j&amp;q=&amp;esrc=s&amp;source=web&amp;cd=1&amp;ved=0CCkQFjAA&amp;url=http%3A%2F%2Fwww.sindominio.net%2Fayuda%2Fnetiquette.pdf&amp;ei=3tOWT8vkJfDa0QWe9OSkDg&amp;usg=AFQjCNHR_TZiwYgVURa8N1rK4vdQbGQogw&amp;sig2=Lt_X5Y4B76sJupwFCCUKYg\" target=\"_blank\">Netiqueta<\/a><\/div>\n<div>- <strong>\u00bfCom construirse un identitad col\u00b7lectiva a la xarxa?<\/strong> Principals canals de difusi\u00f3: Facebook (p\u00e0gines de fans, p\u00e0gines de grup), Youtube, Vimeo ,Flickr, Picasa. Xarxes socials lliures per organitzar-se.<\/div>\n<div>Per seguir aquesta sessi\u00f3, us recomanem el seg\u00fcent v\u00eddeo<\/div>\n<div>- <strong>\u00bfCom fer un streaming?<\/strong> Necesites cubrir una acci\u00f3n o un aconteixement amb una retransmisi\u00f3 en directe. Per <a href=\"http:\/\/communia.org\/\" target=\"_blank\">Communia<\/a><\/div>\n<div style=\"text-align: center;\">\n<div style=\"display: inline-block;\"><iframe src=\"https:\/\/www.youtube.com\/embed\/wkwI762u5ZA\" height=\"150\" width=\"200\" frameborder=\"0\"><\/iframe><\/div>\n<div style=\"display: inline-block;\"><iframe src=\"https:\/\/www.youtube.com\/embed\/ky5X_ZfzNz4\" height=\"150\" width=\"200\" frameborder=\"0\"><\/iframe><\/div>\n<div style=\"display: inline-block;\"><iframe src=\"https:\/\/www.youtube.com\/embed\/GUU9cp0pPPM\" height=\"150\" width=\"200\" frameborder=\"0\"><\/iframe><\/div>\n<\/div>\n<div><a href=\"http:\/\/winston.communia.org\/wiki\/communia\/index.php\/Taller_streaming\" target=\"_blank\">Wiki del taller de streaming<\/a><\/div>\n<div>- <strong>\u00bfCom liarla parda a Twitter?<\/strong> Primers passos a l'eina. Explicaci\u00f3 b\u00e0sica de Twitter i Tweetdeck. X.net @Hibai_ y @adgwitter<\/div>\n<div>Aconteixements d'activaci\u00f3n col\u00b7lectiva i retroalimentaci\u00f3 i participaci\u00f3 que es van fer servir: #25Jan, #solsemueve, #acampasol, #bcnsinmiedo, #estamoscongrecia, #OccupyWallStreet \/ #oWS, #oPmegaupload<\/div>\n<div>Eines de les que es va parlar:<\/div>\n<div><a href=\"http:\/\/www.tweetdeck.com\/\" target=\"_blank\">Tweetdeck<\/a> y <a href=\"http:\/\/hootsuite.com\/\" target=\"_blank\">Hootsuite <\/a>(para gestionar comptes)<\/div>\n<div>Per software llibre: <a href=\"https:\/\/launchpad.net\/polly\" target=\"_blank\">Polly<\/a><\/div>\n<div>Per programar tweets i cogestionar comptes amb diferentes permisos, en fase beta: eina de <a href=\"http:\/\/manje.net\/grptw\/\" target=\"_blank\">@manje<\/a><\/div>\n<div><a href=\"http:\/\/tweepsmap.com\/\" target=\"_blank\">Tweepsmap<\/a><\/div>\n<div><a href=\"http:\/\/www.tweriod.com\/\" target=\"_blank\">Tweriod<\/a><\/div>\n<div><a href=\"http:\/\/www.socialbro.com\/\" target=\"_blank\">Socialbro<\/a><\/div>\n<div><a href=\"http:\/\/trendsmap.com\" target=\"_blank\">trendsmap<\/a><\/div>\n<div><a href=\"http:\/\/twtpoll.com\/\" target=\"_blank\">Twtpoll<\/a><\/div>\n<div><a href=\"http:\/\/storify.com\/\" target=\"_blank\">Storify<\/a><\/div>\n<div><a href=\"http:\/\/www.tweetdoc.org\/\" target=\"_blank\">Tweetdoc<\/a><\/div>\n<div><a href=\"http:\/\/klout.com\" target=\"_blank\">Klout<\/a><\/div>\n<div><a href=\"http:\/\/www.maestrosdelweb.com\/editorial\/herramientas-para-trabajar-titanpad-googledocs-basecamp\/\" target=\"_blank\">altres eines<\/a><\/div>\n<div><em>Videos de la sesi\u00f3n<\/em><\/div>\n<div style=\"text-align: center;\">\n<div style=\"display: inline-block;\"><iframe src=\"https:\/\/www.youtube.com\/embed\/uK2QZeI-wqk\" height=\"150\" width=\"200\" frameborder=\"0\"><\/iframe><\/div>\n<div style=\"display: inline-block;\"><iframe src=\"https:\/\/www.youtube.com\/embed\/RpNifUJP4qw\" height=\"150\" width=\"200\" frameborder=\"0\"><\/iframe><\/div>\n<\/div>\n<div>- <strong>\u00bfCom construir una campanya viral?<\/strong> Introducci\u00f3 als Memes y la viralitad. Algunes eines per amplificar o llen\u00e7ar campanyes. X.net<\/div>\n<div><a href=\"http:\/\/es.wikipedia.org\/wiki\/Marketing_viral\" target=\"_blank\">Marketing Viral<\/a><\/div>\n<div><a href=\"http:\/\/es.wikipedia.org\/wiki\/Meme\" target=\"_blank\">Meme<\/a><\/div>\n<div>V\u00eddeos de la sessi\u00f3<\/div>\n<div style=\"text-align: center;\">\n<div style=\"display: inline-block;\"><iframe src=\"https:\/\/www.youtube.com\/embed\/bCVZF201GOE\" height=\"150\" width=\"200\" frameborder=\"0\"><\/iframe><\/div>\n<div style=\"display: inline-block;\"><iframe src=\"https:\/\/www.youtube.com\/embed\/hHw1Bzt-_dY\" height=\"150\" width=\"200\" frameborder=\"0\"><\/iframe><\/div>\n<\/div>\n<div class=\"intro\" style=\"padding: 10px; margin-top: 20px;\">Trobar\u00e0s m\u00e9s material \u00fatil al <a href=\"http:\/\/mallorca.democraciarealya.es\/2013\/04\/03\/manual-de-iniciacion-a-las-campanas-activistas-en-twitter\/\" target=\"_\">'Manual d'iniciaci\u00f3 a les campanyes activistes a Twitter'<\/a> per <em>DRY Mallorca<\/em><\/div>\n<div style=\"text-align: center;\">\n<div style=\"display: inline-block;\"><iframe src=\"https:\/\/www.youtube.com\/embed\/tkYBXeYYKls\" height=\"150\" width=\"200\" frameborder=\"0\"><\/iframe><\/div>\n<div style=\"display: inline-block;\"><iframe src=\"https:\/\/www.youtube.com\/embed\/RLn9qWSfPds\" height=\"150\" width=\"200\" frameborder=\"0\"><\/iframe><\/div>\n<\/div>\n<div>- Xabier Barandiarian. <strong>Arquitectures i din\u00e1miques de xarxa: consci\u00e8ncia, acci\u00f3 i hacktivisme<\/strong><\/div>\n<div>Web de <a href=\"http:\/\/xabier.barandiaran.net\/\" target=\"_blank\">Xabier<\/a> i de <a href=\"http:\/\/wiki.hacktivistas.net\" target=\"_blank\">hacktivistas,<\/a><\/div>\n<div><a href=\"\/img\/charla_arquitecturas-dinamias-red_hacktivismo_-_2012.pdf\" target=\"_blank\">pdf de la xerrada<\/a><\/div>\n<div>- <a href=\"https:\/\/twitter.com\/#!\/Hibai_\">@Hibai_<\/a> y <a href=\"https:\/\/twitter.com\/#!\/culebrae\">@culebrae<\/a>. <strong>Posada en com\u00fa dels problemes pr\u00e1ctics en l'\u00fas de les xarxes socials en el movimient.<\/strong><\/div>\n<div><a href=\"img\/Jornadas-tecnopol\u00edtica-y-democracia-de-Red-2.pdf\">Tweetdoc de #redes15M<\/a><\/div>\n","protected":false},"excerpt":{"rendered":"<p>Cursos <strong>#Radical Community Manager<\/strong>: formaci\u00f3 en eines online, estrat\u00e8gies digitals i xarxes socials. Organitzaci\u00f3 i acci\u00f3 efectiva a Internet.<\/p>\n","protected":false},"author":5,"featured_media":2933,"comment_status":"closed","ping_status":"closed","sticky":false,"template":"","format":"standard","meta":{"_acf_changed":false,"footnotes":""},"categories":[1],"tags":[],"class_list":["post-2934","post","type-post","status-publish","format-standard","has-post-thumbnail","hentry","category-sin-categoria"],"acf":[],"_links":{"self":[{"href":"https:\/\/xnet-x.net\/ca\/wp-json\/wp\/v2\/posts\/2934","targetHints":{"allow":["GET"]}}],"collection":[{"href":"https:\/\/xnet-x.net\/ca\/wp-json\/wp\/v2\/posts"}],"about":[{"href":"https:\/\/xnet-x.net\/ca\/wp-json\/wp\/v2\/types\/post"}],"author":[{"embeddable":true,"href":"https:\/\/xnet-x.net\/ca\/wp-json\/wp\/v2\/users\/5"}],"replies":[{"embeddable":true,"href":"https:\/\/xnet-x.net\/ca\/wp-json\/wp\/v2\/comments?post=2934"}],"version-history":[{"count":0,"href":"https:\/\/xnet-x.net\/ca\/wp-json\/wp\/v2\/posts\/2934\/revisions"}],"wp:featuredmedia":[{"embeddable":true,"href":"https:\/\/xnet-x.net\/ca\/wp-json\/wp\/v2\/media\/2933"}],"wp:attachment":[{"href":"https:\/\/xnet-x.net\/ca\/wp-json\/wp\/v2\/media?parent=2934"}],"wp:term":[{"taxonomy":"category","embeddable":true,"href":"https:\/\/xnet-x.net\/ca\/wp-json\/wp\/v2\/categories?post=2934"},{"taxonomy":"post_tag","embeddable":true,"href":"https:\/\/xnet-x.net\/ca\/wp-json\/wp\/v2\/tags?post=2934"}],"curies":[{"name":"wp","href":"https:\/\/api.w.org\/{rel}","templated":true}]}}