{"id":2783,"date":"2010-10-25T08:56:13","date_gmt":"2010-10-25T07:56:13","guid":{"rendered":"https:\/\/xnet-x.net\/richard-stallman-sadhereix-a-la-carta-per-a-la-innovacio-la-creativitat-i-lacces-al-coneixement\/"},"modified":"2010-10-25T08:56:13","modified_gmt":"2010-10-25T07:56:13","slug":"richard-stallman-sadhereix-a-la-carta-per-a-la-innovacio-la-creativitat-i-lacces-al-coneixement","status":"publish","type":"post","link":"https:\/\/xnet-x.net\/ca\/richard-stallman-sadhereix-a-la-carta-per-a-la-innovacio-la-creativitat-i-lacces-al-coneixement\/","title":{"rendered":"Richard Stallman s&#8217;adhereix a la Carta per a la Innovaci\u00f3, la creativitat i l&#8217;acc\u00e9s al coneixement."},"content":{"rendered":"<p style=\"font-size: 13px; font-weight: bold;\">Amb la mirada posada en la segona edici\u00f3 de <a title=Ir a la web del Free Culture Forum 2010\" href=\"http:\/\/2010.fcforum.net\/ca\">l'FCF\u00f2rum, el F\u00f2rum Internacional per a l'Acc\u00e9s a la Cultura i el Coneixement<\/a> que tindr\u00e0 lloc en Barcelona del 28 al 31 d'octubre 2010, continuen les mostres de suport i les aportacions al treball d'aquesta plataforma civil, la qual sistematitza les propostes legals i econ\u00f2miques per a una era digital m\u00e9s beneficiosa per a totes i tos: ciutadania, artistes i emprenedors.<\/p>\n<p style=\"margin: 20px 0; text-align: left;\"><strong>Castellano<\/strong>: <em><a title=\"Ir a la p\u00e1gina Richard Stallman se adhiere a la Carta Para la Innovaci\u00f3n la Creatividad y el Acceso al Conocimiento\" href=\"\/richard-stallman-se-adhiere-a-la-carta-para-la-innovation-la-creatividad-y-el-acceso-al-conocimiento\/\">Richard Stallman se adhiere a la Carta para la Innovaci\u00f3n, la Creatividad y el Acceso al Conocimiento<\/a><\/em><br \/>\n<strong>English: <\/strong><em><a href=\"https:\/\/xnet-x.net\/ca\/richard-stallman-sadhereix-a-la-carta-per-a-la-innovacio-la-creativitat-i-lacces-al-coneixement\/\">Richard Stallman endorse the Charter for Innovation, Creativity and Access to Knowledge<\/a><\/em><\/p>\n<p>Avui podem anunciar <strong>l'adhesi\u00f3 a <a href=\"http:\/\/fcforum.net\/ca\" target=\"_blank\">la Carta per a la Innovaci\u00f3, la Creativitat i l'Acc\u00e9s al Coneixement<\/a> de <a rel=\"nofollow\" href=\"http:\/\/es.wikipedia.org\/wiki\/Richard_Stallman\" target=\"_blank\">Richard Stallman<\/a><\/strong>, fundador del moviment del programari lliure, de la <a rel=\"nofollow\" href=\"http:\/\/www.fsf.org\/\" target=\"_blank\">Free Software Foundation (FSF)<\/a> del <a rel=\"nofollow\" href=\"http:\/\/www.gnu.org\/home.es.html\" target=\"_blank\">Projecte GNU<\/a> i tamb\u00e9 alma mater del moviment <a rel=\"nofollow\" href=\"http:\/\/es.wikipedia.org\/wiki\/Copyleft\" target=\"_blank\">copyleft<\/a>. Richard Stallman ha contribu\u00eft de forma substancial en l'\u00faltima redacci\u00f3 de la Carta, l'actual versi\u00f3 2.0.1.<\/p>\n<p>Richard Stallman tamb\u00e9 recollir\u00e0 les conclusions de l'FCF\u00f2rum d'aquest any, el qual t\u00e9 com a t\u00edtol \"<strong>Nous Models de Benefici per l'Era Digital<\/strong>\" i far\u00e0 la seva contribuci\u00f3 en la redacci\u00f3 final.<\/p>\n<p style=\"background: #e6e6e6; padding: 10px;\"><strong>* Aquesta setmana, dijous 28 a les 20,30h - <a href=\"http:\/\/oxcars10.xnet-x.net\/es\">Els oXcars, el major esdeveniment de cultura lliure de tots els temps<\/a><\/strong> inauguren l'FCForum. Bonus d\u2019ajuda per als oXcars ja a la venda: <a rel=\"nofollow\" href=\"http:\/\/www.codetickets.com\/sala-apolo\/es\/sala-apolo.com\/566\/\" target=\"_blank\">Venda online aqu\u00ed <\/a>(3,55 euros) \/\/ Venda en m\u00e0 (3 euros): Carrer Sant Pau 58 Bajos \u2013 Barcelona \u2013 De dilluns a divendres de 10h a14h i de 17h a 20h \u2013 tel 933020630<\/p>\n","protected":false},"excerpt":{"rendered":"<p>Amb la mirada posada en la segona edici\u00f3 de<\/p>\n","protected":false},"author":5,"featured_media":0,"comment_status":"closed","ping_status":"closed","sticky":false,"template":"","format":"standard","meta":{"_acf_changed":false,"footnotes":""},"categories":[14],"tags":[],"class_list":["post-2783","post","type-post","status-publish","format-standard","hentry","category-cultura-libre"],"acf":[],"_links":{"self":[{"href":"https:\/\/xnet-x.net\/ca\/wp-json\/wp\/v2\/posts\/2783","targetHints":{"allow":["GET"]}}],"collection":[{"href":"https:\/\/xnet-x.net\/ca\/wp-json\/wp\/v2\/posts"}],"about":[{"href":"https:\/\/xnet-x.net\/ca\/wp-json\/wp\/v2\/types\/post"}],"author":[{"embeddable":true,"href":"https:\/\/xnet-x.net\/ca\/wp-json\/wp\/v2\/users\/5"}],"replies":[{"embeddable":true,"href":"https:\/\/xnet-x.net\/ca\/wp-json\/wp\/v2\/comments?post=2783"}],"version-history":[{"count":0,"href":"https:\/\/xnet-x.net\/ca\/wp-json\/wp\/v2\/posts\/2783\/revisions"}],"wp:attachment":[{"href":"https:\/\/xnet-x.net\/ca\/wp-json\/wp\/v2\/media?parent=2783"}],"wp:term":[{"taxonomy":"category","embeddable":true,"href":"https:\/\/xnet-x.net\/ca\/wp-json\/wp\/v2\/categories?post=2783"},{"taxonomy":"post_tag","embeddable":true,"href":"https:\/\/xnet-x.net\/ca\/wp-json\/wp\/v2\/tags?post=2783"}],"curies":[{"name":"wp","href":"https:\/\/api.w.org\/{rel}","templated":true}]}}