{"id":2646,"date":"2026-02-19T10:14:09","date_gmt":"2026-02-19T08:14:09","guid":{"rendered":"https:\/\/xnet-x.net\/?p=2646"},"modified":"2026-04-28T10:16:09","modified_gmt":"2026-04-28T08:16:09","slug":"menors-pecadors-algorismes-manipulats","status":"publish","type":"post","link":"https:\/\/xnet-x.net\/ca\/menors-pecadors-algorismes-manipulats\/","title":{"rendered":"De menors pecadors i algorismes manipulats"},"content":{"rendered":"<p>Simona Levi, fundadora de Xnet i autora de &#8220;Digitalitzaci\u00f3 Democr\u00e0tica, sobirania digital per a les persones.<\/p>\n<p>En el passat 3 de febrer, Pedro S\u00e1nchez va anunciar: \u201cTornarem les xarxes socials a aquella terra promesa que mai no haurien d\u2019haver abandonat\u201d. WOW, signo!\u2028Portarien les mesures al Consell de Ministres de la setmana seg\u00fcent. He estat tota la setmana esperant, per\u00f2 arribat el dia, res de res.<\/p>\n<p>Aix\u00ed que la meva an\u00e0lisi no es pot basar en una realitat legislativa, nom\u00e9s en un discurs, una mica barreja de esl\u00f2gans macos d&#8217;activista digital, tecnosupersticions, idees antropom\u00f2rfiques sobre tecnologia, junts amb, tot s&#8217;ha de dir, alguns bons objectius.<\/p>\n<p>Per capbussar-me en tot aix\u00f2, em guiar\u00e9 per el que penso s\u2019ha de fer contra la invasi\u00f3 t\u00f2xica dels masclots de les xarxes socials a les terres lliures d\u2019internet: per no crear cap Ministeri de la Veritat, s\u2019ha de parar d\u2019enfocar l\u2019atenci\u00f3 en els continguts expressats lliurement, per fixar-nos en el negoci. La brega sobre els continguts \u00e9s majorit\u00e0riament ideol\u00f2gica, la del negoci \u00e9s objectiva, s\u00f3n pessetes comptades. Cruixir a qui guanya o paga diners per viralitzar informaci\u00f3 no verificada o t\u00f2xica. Qui paga i cobra ha d\u2019assegurar que el missatge sigui ver\u00eddic i no cometi cap crim tipificat (nota: soc conscient que no tot el que est\u00e0 tipificat hauria d\u2019estar-ho, per\u00f2 aquest \u00e9s una altra lluita).<br \/>\nAnem, doncs, al que va dir Pedro S\u00e1nchez:<\/p>\n<p>1.\u00a0\u00a0\u00a0\u00a0 \u201cEspanya prohibir\u00e0 l\u2019acc\u00e9s a les xarxes socials als menors de 16 anys.\u201d Aix\u00f2 va ser el m\u00e9s cridaner. Tot i que agradi a molts electors, \u00e9s lliberticida, no resol res, segrega els adolescents de la comunicaci\u00f3 del seu temps, generant-los un greuge comparatiu. Per\u00f2 sobretot ens priva a tots de llibertats b\u00e0siques: verificar l\u2019edat dels adolescents significa verificar-la per a tothom, per excloure que siguem adolescents i, de passada, vigilar-nos; el somni humit de qualsevol r\u00e8gim.\u2028Molt millor seria gastar el mateix entusiasme en proveir dispositius m\u00e9s o menys capats segons les edats. A les biblioteques i a les institucions es fa cada dia, per la qual cosa tot aquest desgavell \u00e9s innecessari.<\/p>\n<p>2.\u00a0\u00a0\u00a0\u00a0 \u201cEs tipificar\u00e0 com a delicte la manipulaci\u00f3 dels algorismes i l\u2019amplificaci\u00f3 de continguts il\u00b7legals.\u201d S\u00f3n frases com aquestes les que m\u2019acollonen. Per\u00f2 qui l\u2019assessora?? A veure: l\u2019algorisme \u00e9s el que manipula; no cal manipular-lo a ell. \u00c9s a dir: l\u2019algorisme \u00e9s l\u2019ordre que els senyors propietaris de les big tech donen a les seves m\u00e0quines perqu\u00e8 prioritzin contingut que els convingui pol\u00edticament o econ\u00f2mica. No es tracta d&#8217;imposar que no manipulin l\u2019algoritme, sin\u00f3 que els seus algoritmes no manipulin. S\u2019ent\u00e9n? \u2028Millor la part de \u201cno amplificar continguts il\u00b7legals\u201d, si no fos que &#8230;-&gt;<\/p>\n<p>3.\u00a0\u00a0\u00a0\u00a0 &#8220;Crearem un sistema per rellevar la petjada d\u2019odi i polaritzaci\u00f3 &#8230;\u201d.\u2028O sigui que el que es vol perseguir s\u00f3n coses abstractes, com &#8220;odi&#8221; i &#8220;polaritzaci\u00f3&#8221;, subjectes a interpretacions ideol\u00f2giques i, per aix\u00f2, polaritzants i sense base objectiva. Perseguir els diners d\u2019inversi\u00f3 i cobrament \u00e9s l\u2019\u00fanic cam\u00ed amb l\u2019objectivitat i transpar\u00e8ncia suficient perqu\u00e8 no acabi sent persecuci\u00f3 de la dissid\u00e8ncia.<\/p>\n<p>4.\u00a0\u00a0\u00a0\u00a0 \u201cUna legislaci\u00f3 perqu\u00e8 els directius de les plataformes siguin legalment responsables&#8221;. Aqu\u00ed s\u00ed, hi estem d\u2019acord. Per\u00f2 per m\u00e8todes objectius, no moralisme. No volem fer d\u2019ells m\u00e0rtirs i avalar els seus personatges de paladins de la llibertat d\u2019expressi\u00f3,perqu\u00e8 el que defensen no ho \u00e9s, sin\u00f3 nom\u00e9s la llibertat d\u2019expressi\u00f3 de qui t\u00e9 prou diners per fer-se sentir. Si se\u2019ls persegueix per motius morals o ideol\u00f2gics, guanyaran l\u2019opini\u00f3 p\u00fablica. Si \u00e9s pel seu business, es pot erradicar&#8230; si no fos que els partits pol\u00edtics, tots ells, en s\u00f3n els principals clients.\u2028S\u00ed, perqu\u00e8 \u00a0si tanta mania tenen als tecnoaut\u00f2cates, potser podrien comen\u00e7ar per no donar-los la licitaci\u00f3 p\u00fablica de tots els serveis digitals (80% nom\u00e9s en educaci\u00f3) i seient preferent als consells assessors.<\/p>\n<p>&nbsp;<\/p>\n<p><span class=\"HwtZe\" lang=\"ca\"><span class=\"jCAhz ChMk0b\"><span class=\"ryNqvb\">Mentre la societat civil seguim demanant, lluitant i practicant la #DigitalizacioDemocratica<\/span><\/span><\/span><\/p>\n","protected":false},"excerpt":{"rendered":"<p>Simona Levi, fundadora de Xnet i autora de &#8220;Digitalitzaci\u00f3 Democr\u00e0tica,  [&#8230;]<\/p>\n","protected":false},"author":3,"featured_media":2653,"comment_status":"closed","ping_status":"closed","sticky":false,"template":"","format":"standard","meta":{"_acf_changed":false,"footnotes":""},"categories":[23,33],"tags":[],"class_list":["post-2646","post","type-post","status-publish","format-standard","has-post-thumbnail","hentry","category-neutralitat-de-la-xarxa","category-recomendaciones-de-politicas"],"acf":[],"_links":{"self":[{"href":"https:\/\/xnet-x.net\/ca\/wp-json\/wp\/v2\/posts\/2646","targetHints":{"allow":["GET"]}}],"collection":[{"href":"https:\/\/xnet-x.net\/ca\/wp-json\/wp\/v2\/posts"}],"about":[{"href":"https:\/\/xnet-x.net\/ca\/wp-json\/wp\/v2\/types\/post"}],"author":[{"embeddable":true,"href":"https:\/\/xnet-x.net\/ca\/wp-json\/wp\/v2\/users\/3"}],"replies":[{"embeddable":true,"href":"https:\/\/xnet-x.net\/ca\/wp-json\/wp\/v2\/comments?post=2646"}],"version-history":[{"count":4,"href":"https:\/\/xnet-x.net\/ca\/wp-json\/wp\/v2\/posts\/2646\/revisions"}],"predecessor-version":[{"id":2650,"href":"https:\/\/xnet-x.net\/ca\/wp-json\/wp\/v2\/posts\/2646\/revisions\/2650"}],"wp:featuredmedia":[{"embeddable":true,"href":"https:\/\/xnet-x.net\/ca\/wp-json\/wp\/v2\/media\/2653"}],"wp:attachment":[{"href":"https:\/\/xnet-x.net\/ca\/wp-json\/wp\/v2\/media?parent=2646"}],"wp:term":[{"taxonomy":"category","embeddable":true,"href":"https:\/\/xnet-x.net\/ca\/wp-json\/wp\/v2\/categories?post=2646"},{"taxonomy":"post_tag","embeddable":true,"href":"https:\/\/xnet-x.net\/ca\/wp-json\/wp\/v2\/tags?post=2646"}],"curies":[{"name":"wp","href":"https:\/\/api.w.org\/{rel}","templated":true}]}}